{"id":76,"date":"2024-07-01T23:22:27","date_gmt":"2024-07-01T21:22:27","guid":{"rendered":"http:\/\/wvrvfbf.cluster023.hosting.ovh.net\/?p=76"},"modified":"2024-11-05T19:16:34","modified_gmt":"2024-11-05T18:16:34","slug":"decouvrez-les-activites-extra-congres","status":"publish","type":"post","link":"https:\/\/congresfnas.fr\/index.php\/2024\/07\/01\/decouvrez-les-activites-extra-congres\/","title":{"rendered":"D\u00e9couvrez les activit\u00e9s extra-congr\u00e8s"},"content":{"rendered":"[et_pb_section fb_built=\u00a0\u00bb1&Prime; admin_label=\u00a0\u00bbsection\u00a0\u00bb _builder_version=\u00a0\u00bb4.25.2&Prime; _dynamic_attributes=\u00a0\u00bblink_option_url\u00a0\u00bb link_option_url=\u00a0\u00bb@ET-DC@eyJkeW5hbWljIjp0cnVlLCJjb250ZW50IjoicG9zdF9saW5rX3VybF9wYWdlIiwic2V0dGluZ3MiOnsicG9zdF9pZCI6IjExNyJ9fQ==@\u00a0\u00bb hover_enabled=\u00a0\u00bb0&Prime; global_colors_info=\u00a0\u00bb{}\u00a0\u00bb sticky_enabled=\u00a0\u00bb0&Prime;][et_pb_row admin_label=\u00a0\u00bbrow\u00a0\u00bb _builder_version=\u00a0\u00bb4.16&Prime; background_size=\u00a0\u00bbinitial\u00a0\u00bb background_position=\u00a0\u00bbtop_left\u00a0\u00bb background_repeat=\u00a0\u00bbrepeat\u00a0\u00bb global_colors_info=\u00a0\u00bb{}\u00a0\u00bb][et_pb_column type=\u00a0\u00bb4_4&Prime; _builder_version=\u00a0\u00bb4.16&Prime; custom_padding=\u00a0\u00bb|||\u00a0\u00bb global_colors_info=\u00a0\u00bb{}\u00a0\u00bb custom_padding__hover=\u00a0\u00bb|||\u00a0\u00bb][et_pb_text admin_label=\u00a0\u00bbText\u00a0\u00bb _builder_version=\u00a0\u00bb4.25.2&Prime; background_size=\u00a0\u00bbinitial\u00a0\u00bb background_position=\u00a0\u00bbtop_left\u00a0\u00bb background_repeat=\u00a0\u00bbrepeat\u00a0\u00bb link_option_url=\u00a0\u00bbhttp:\/\/congresfnas.fr\/index.php\/programme-accompagnant\/\u00a0\u00bb global_colors_info=\u00a0\u00bb{}\u00a0\u00bb]<p>Les diff\u00e9rentes activit\u00e9s extra-congr\u00e8s qui vous permettront de partager des moments conviviaux et d\u00e9couvrir la Touraine.<\/p>\n<p><\/p>[\/et_pb_text][\/et_pb_column][\/et_pb_row][\/et_pb_section]<!-- \/wp:post-content -->","protected":false},"excerpt":{"rendered":"<p>Les diff\u00e9rentes activit\u00e9s extra-congr\u00e8s qui vous permettront de partager des moments conviviaux et d\u00e9couvrir la Touraine.<\/p>\n","protected":false},"author":1,"featured_media":0,"comment_status":"open","ping_status":"open","sticky":false,"template":"","format":"standard","meta":{"_et_pb_use_builder":"on","_et_pb_old_content":"<!-- wp:paragraph -->\n<p>Les informations sur les h\u00e9b\u00e9rgements disponibles sont mis \u00e0 jour r\u00e9guli\u00e8rement.<\/p>\n<!-- \/wp:paragraph -->","_et_gb_content_width":"","footnotes":""},"categories":[1],"tags":[],"class_list":["post-76","post","type-post","status-publish","format-standard","hentry","category-non-classe"],"_links":{"self":[{"href":"https:\/\/congresfnas.fr\/index.php\/wp-json\/wp\/v2\/posts\/76","targetHints":{"allow":["GET"]}}],"collection":[{"href":"https:\/\/congresfnas.fr\/index.php\/wp-json\/wp\/v2\/posts"}],"about":[{"href":"https:\/\/congresfnas.fr\/index.php\/wp-json\/wp\/v2\/types\/post"}],"author":[{"embeddable":true,"href":"https:\/\/congresfnas.fr\/index.php\/wp-json\/wp\/v2\/users\/1"}],"replies":[{"embeddable":true,"href":"https:\/\/congresfnas.fr\/index.php\/wp-json\/wp\/v2\/comments?post=76"}],"version-history":[{"count":10,"href":"https:\/\/congresfnas.fr\/index.php\/wp-json\/wp\/v2\/posts\/76\/revisions"}],"predecessor-version":[{"id":8478,"href":"https:\/\/congresfnas.fr\/index.php\/wp-json\/wp\/v2\/posts\/76\/revisions\/8478"}],"wp:attachment":[{"href":"https:\/\/congresfnas.fr\/index.php\/wp-json\/wp\/v2\/media?parent=76"}],"wp:term":[{"taxonomy":"category","embeddable":true,"href":"https:\/\/congresfnas.fr\/index.php\/wp-json\/wp\/v2\/categories?post=76"},{"taxonomy":"post_tag","embeddable":true,"href":"https:\/\/congresfnas.fr\/index.php\/wp-json\/wp\/v2\/tags?post=76"}],"curies":[{"name":"wp","href":"https:\/\/api.w.org\/{rel}","templated":true}]}}